{"id":4986,"date":"2026-04-25T16:28:16","date_gmt":"2026-04-25T19:28:16","guid":{"rendered":"https:\/\/tresestados.com.br\/?p=4986"},"modified":"2026-04-25T16:28:16","modified_gmt":"2026-04-25T19:28:16","slug":"tadeu-milbratz-destaca-a-importancia-de-recursos-para-pavimentacao-e-reforca-parceria-politica-em-nanuque","status":"publish","type":"post","link":"https:\/\/tresestados.com.br\/?p=4986","title":{"rendered":"Tadeu Milbratz,  destaca a import\u00e2ncia de recursos para pavimenta\u00e7\u00e3o e refor\u00e7a parceria pol\u00edtica em Nanuque"},"content":{"rendered":"<p><img decoding=\"async\" src=\"https:\/\/jornalemtempo.com\/storage\/images\/cache\/empresario-destaca-recursos-para-pavimentacao-e-reforca-parceria-politica-em-nanuque-800x400-f87f2134.webp\" alt=\"Empres\u00e1rio destaca recursos para pavimenta\u00e7\u00e3o e refor\u00e7a parceria pol\u00edtica em Nanuque\" \/><\/p>\n<p><span style=\"font-size: 20px;\">O\u00a0empres\u00e1rio Tadeu Milbratz agradeceu publicamente ao ex-deputado Renato Andrade pela destina\u00e7\u00e3o de recursos que possibilitaram a pavimenta\u00e7\u00e3o de ruas em Nanuque. No ano passado, o munic\u00edpio foi contemplado com o valor de R$ 500 mil, oriundos de emenda parlamentar do senador Rodrigo Pacheco, atualmente presidente do Senado, e de quem Renato Andrade atua como assessor.<\/span><\/p>\n<p><span style=\"font-size: 20px;\">De acordo com informa\u00e7\u00f5es da Prefeitura Municipal, a verba foi aplicada na pavimenta\u00e7\u00e3o da Rua Anfil\u00f3fio Antunes da Luz, localizada no bairro Alvorada, uma antiga demanda da popula\u00e7\u00e3o local. A obra contribuiu para melhorar as condi\u00e7\u00f5es de mobilidade urbana, al\u00e9m de proporcionar mais qualidade de vida aos moradores da regi\u00e3o.<\/span><\/p>\n<p>&nbsp;<\/p>\n<p>\u00a0 \u00a0 <img fetchpriority=\"high\" decoding=\"async\" class=\"\" src=\"https:\/\/jornalemtempo.com\/storage\/images\/2026\/04\/post-1776344004.webp\" alt=\"Empres\u00e1rio destaca recursos para pavimenta\u00e7\u00e3o e refor\u00e7a parceria pol\u00edtica em Nanuque\" width=\"702\" height=\"395\" \/>\u00a0 \u00a0<\/p>\n<p><span style=\"font-size: 20px;\">A articula\u00e7\u00e3o para a libera\u00e7\u00e3o dos recursos contou ainda com a participa\u00e7\u00e3o do empres\u00e1rio Breno Teodoro, que atuou na solicita\u00e7\u00e3o da emenda junto \u00e0s lideran\u00e7as pol\u00edticas.<\/span><\/p>\n<p><span style=\"font-size: 20px;\">Ao comentar sobre a aplica\u00e7\u00e3o do recurso, Tadeu Milbratz destacou a import\u00e2ncia da destina\u00e7\u00e3o correta dos investimentos p\u00fablicos e cobrou transpar\u00eancia por parte do Executivo municipal. \u201cAgrade\u00e7o a Renato Andrade e a Breno Teodoro pela indica\u00e7\u00e3o. Esperamos que o Executivo d\u00ea o destino certo ao montante, com a devida publicidade, garantindo que a popula\u00e7\u00e3o acompanhe de perto a aplica\u00e7\u00e3o dos recursos\u201d, afirmou.<\/span><\/p>\n<p><img decoding=\"async\" class=\"\" src=\"https:\/\/jornalemtempo.com\/storage\/images\/2026\/04\/post-1776344021.webp\" alt=\"Empres\u00e1rio destaca recursos para pavimenta\u00e7\u00e3o e refor\u00e7a parceria pol\u00edtica em Nanuque\" width=\"693\" height=\"390\" \/><\/p>\n<p><span style=\"font-size: 20px;\">Recentemente, durante visita a Nanuque por ocasi\u00e3o do 1\u00ba Encontro de Cafeicultores, Renato Andrade reafirmou seu compromisso com o munic\u00edpio. Na oportunidade, ele se colocou \u00e0 disposi\u00e7\u00e3o para continuar contribuindo com o desenvolvimento da cidade, seja por meio de novos investimentos em infraestrutura ou pelo incentivo a estudos e a\u00e7\u00f5es voltadas ao fortalecimento do agroneg\u00f3cio, setor estrat\u00e9gico para a economia regional.<\/span><\/p>\n<p><span style=\"font-size: 20px;\">\u201cMe coloco a servi\u00e7o de Nanuque para continuar contribuindo com o desenvolvimento desta cidade, buscando sempre parcerias e oportunidades que tragam benef\u00edcios concretos para a popula\u00e7\u00e3o\u201d, declarou Renato Andrade.<\/span><\/p>\n<p>https:\/\/jornalemtempo.com\/<\/p>\n","protected":false},"excerpt":{"rendered":"<p>O\u00a0empres\u00e1rio Tadeu Milbratz agradeceu publicamente ao ex-deputado Renato Andrade pela destina\u00e7\u00e3o de recursos que possibilitaram a pavimenta\u00e7\u00e3o de ruas em Nanuque. No ano passado, o munic\u00edpio foi contemplado com o valor de R$ 500 mil, oriundos de emenda parlamentar do senador Rodrigo Pacheco, atualmente presidente do Senado, e de quem Renato Andrade atua como assessor. [&hellip;]<\/p>\n","protected":false},"author":2,"featured_media":4987,"comment_status":"open","ping_status":"closed","sticky":false,"template":"","format":"standard","meta":{"footnotes":""},"categories":[209],"tags":[],"class_list":["post-4986","post","type-post","status-publish","format-standard","has-post-thumbnail","hentry","category-minas-gerais"],"_links":{"self":[{"href":"https:\/\/tresestados.com.br\/index.php?rest_route=\/wp\/v2\/posts\/4986","targetHints":{"allow":["GET"]}}],"collection":[{"href":"https:\/\/tresestados.com.br\/index.php?rest_route=\/wp\/v2\/posts"}],"about":[{"href":"https:\/\/tresestados.com.br\/index.php?rest_route=\/wp\/v2\/types\/post"}],"author":[{"embeddable":true,"href":"https:\/\/tresestados.com.br\/index.php?rest_route=\/wp\/v2\/users\/2"}],"replies":[{"embeddable":true,"href":"https:\/\/tresestados.com.br\/index.php?rest_route=%2Fwp%2Fv2%2Fcomments&post=4986"}],"version-history":[{"count":1,"href":"https:\/\/tresestados.com.br\/index.php?rest_route=\/wp\/v2\/posts\/4986\/revisions"}],"predecessor-version":[{"id":4988,"href":"https:\/\/tresestados.com.br\/index.php?rest_route=\/wp\/v2\/posts\/4986\/revisions\/4988"}],"wp:featuredmedia":[{"embeddable":true,"href":"https:\/\/tresestados.com.br\/index.php?rest_route=\/wp\/v2\/media\/4987"}],"wp:attachment":[{"href":"https:\/\/tresestados.com.br\/index.php?rest_route=%2Fwp%2Fv2%2Fmedia&parent=4986"}],"wp:term":[{"taxonomy":"category","embeddable":true,"href":"https:\/\/tresestados.com.br\/index.php?rest_route=%2Fwp%2Fv2%2Fcategories&post=4986"},{"taxonomy":"post_tag","embeddable":true,"href":"https:\/\/tresestados.com.br\/index.php?rest_route=%2Fwp%2Fv2%2Ftags&post=4986"}],"curies":[{"name":"wp","href":"https:\/\/api.w.org\/{rel}","templated":true}]}}