{"id":4989,"date":"2026-04-25T16:36:53","date_gmt":"2026-04-25T19:36:53","guid":{"rendered":"https:\/\/tresestados.com.br\/?p=4989"},"modified":"2026-04-25T16:36:53","modified_gmt":"2026-04-25T19:36:53","slug":"o-supremo-tribunal-federal-stf-contratara-empresa-para-monitoramento-de-publicacoes-feitas-contra-a-corte-e-ministros","status":"publish","type":"post","link":"https:\/\/tresestados.com.br\/?p=4989","title":{"rendered":"O Supremo Tribunal Federal (STF)  contratar\u00e1  empresa para  monitoramento de publica\u00e7\u00f5es  feitas contra a corte e ministros"},"content":{"rendered":"<div class=\"xdj266r x14z9mp xat24cr x1lziwak x1vvkbs x126k92a\">\n<div dir=\"auto\"><span style=\"font-size: 20px;\">O Supremo Tribunal Federal (STF) divulgou que destinar\u00e1 at\u00e9 R$ 249 mil para contratar uma empresa especializada em monitoramento e an\u00e1lise de sua atua\u00e7\u00e3o nas plataformas digitais. O processo licitat\u00f3rio est\u00e1 agendado para 11 de maio com este objetivo.<\/span><\/div>\n<div dir=\"auto\"><img decoding=\"async\" src=\"https:\/\/scontent.fcrq1-1.fna.fbcdn.net\/v\/t39.30808-6\/679881168_1600645322061811_3594204263075886693_n.jpg?_nc_cat=105&amp;ccb=1-7&amp;_nc_sid=13d280&amp;_nc_ohc=WZ3GEJcKjH0Q7kNvwEE90lk&amp;_nc_oc=AdrvU6fuj9RZYFTsfuhPhe1JCY49DHNgctAV7blDu_36gUfUdh4WMPvR0TJKjSauETojIVhq6B74uPsapjzgTIwz&amp;_nc_zt=23&amp;_nc_ht=scontent.fcrq1-1.fna&amp;_nc_gid=QmKjcKkfqW32JGK7_x4ipA&amp;_nc_ss=7b2a8&amp;oh=00_Af1tt77UkS1b4wxiiMfux6m0AXbRqYBUQk-o3PKXcBjH_g&amp;oe=69F2F7CE\" alt=\"Pode ser uma imagem de texto que diz &quot;@investibr STF vai passa a vigiar quem critica ministros pelas redes sociais Dinheiro p\u00fablico sendo usado para vigiar o cidad\u00e3o&quot;\" \/><\/div>\n<\/div>\n<div class=\"x14z9mp xat24cr x1lziwak x1vvkbs xtlvy1s x126k92a\">\n<div dir=\"auto\"><span style=\"font-size: 20px;\">Em um cen\u00e1rio de desafios econ\u00f4micos, aumento da criminalidade nas cidades e lentid\u00e3o no sistema judici\u00e1rio, que acumula milh\u00f5es de casos pendentes, o STF opta por investir recursos p\u00fablicos para acompanhar o que \u00e9 dito sobre a institui\u00e7\u00e3o na internet. A iniciativa visa, aparentemente, melhorar sua percep\u00e7\u00e3o p\u00fablica ou responder a questionamentos.<\/span><\/div>\n<div dir=\"auto\">\u00a0<\/div>\n<\/div>\n<div class=\"x14z9mp xat24cr x1lziwak x1vvkbs xtlvy1s x126k92a\">\n<div dir=\"auto\"><span style=\"font-size: 20px;\">Este movimento reflete uma postura de distanciamento da fiscaliza\u00e7\u00e3o p\u00fablica. A Corte, que frequentemente restringe perfis e publica\u00e7\u00f5es, agora busca consultoria para moldar sua comunica\u00e7\u00e3o online. Isso se assemelha mais \u00e0 gest\u00e3o de uma marca corporativa preocupada com sua imagem do que a um poder da Rep\u00fablica que deveria ser transparente e respons\u00e1vel perante a sociedade. Em vez de focar em maior efici\u00eancia, clareza e modera\u00e7\u00e3o de suas pr\u00f3prias a\u00e7\u00f5es, o STF parece preferir isolar-se com o aux\u00edlio de marketing digital.<\/span><\/div>\n<\/div>\n","protected":false},"excerpt":{"rendered":"<p>O Supremo Tribunal Federal (STF) divulgou que destinar\u00e1 at\u00e9 R$ 249 mil para contratar uma empresa especializada em monitoramento e an\u00e1lise de sua atua\u00e7\u00e3o nas plataformas digitais. O processo licitat\u00f3rio est\u00e1 agendado para 11 de maio com este objetivo. Em um cen\u00e1rio de desafios econ\u00f4micos, aumento da criminalidade nas cidades e lentid\u00e3o no sistema judici\u00e1rio, [&hellip;]<\/p>\n","protected":false},"author":2,"featured_media":0,"comment_status":"open","ping_status":"closed","sticky":false,"template":"","format":"standard","meta":{"footnotes":""},"categories":[211,213],"tags":[],"class_list":["post-4989","post","type-post","status-publish","format-standard","hentry","category-justica","category-nacional"],"_links":{"self":[{"href":"https:\/\/tresestados.com.br\/index.php?rest_route=\/wp\/v2\/posts\/4989","targetHints":{"allow":["GET"]}}],"collection":[{"href":"https:\/\/tresestados.com.br\/index.php?rest_route=\/wp\/v2\/posts"}],"about":[{"href":"https:\/\/tresestados.com.br\/index.php?rest_route=\/wp\/v2\/types\/post"}],"author":[{"embeddable":true,"href":"https:\/\/tresestados.com.br\/index.php?rest_route=\/wp\/v2\/users\/2"}],"replies":[{"embeddable":true,"href":"https:\/\/tresestados.com.br\/index.php?rest_route=%2Fwp%2Fv2%2Fcomments&post=4989"}],"version-history":[{"count":1,"href":"https:\/\/tresestados.com.br\/index.php?rest_route=\/wp\/v2\/posts\/4989\/revisions"}],"predecessor-version":[{"id":4994,"href":"https:\/\/tresestados.com.br\/index.php?rest_route=\/wp\/v2\/posts\/4989\/revisions\/4994"}],"wp:attachment":[{"href":"https:\/\/tresestados.com.br\/index.php?rest_route=%2Fwp%2Fv2%2Fmedia&parent=4989"}],"wp:term":[{"taxonomy":"category","embeddable":true,"href":"https:\/\/tresestados.com.br\/index.php?rest_route=%2Fwp%2Fv2%2Fcategories&post=4989"},{"taxonomy":"post_tag","embeddable":true,"href":"https:\/\/tresestados.com.br\/index.php?rest_route=%2Fwp%2Fv2%2Ftags&post=4989"}],"curies":[{"name":"wp","href":"https:\/\/api.w.org\/{rel}","templated":true}]}}