{"id":4995,"date":"2026-04-25T16:43:54","date_gmt":"2026-04-25T19:43:54","guid":{"rendered":"https:\/\/tresestados.com.br\/?p=4995"},"modified":"2026-04-25T16:43:54","modified_gmt":"2026-04-25T19:43:54","slug":"mato-grosso-proibe-materiais-sobre-ideologia-de-genero-nas-escolas-estaduais","status":"publish","type":"post","link":"https:\/\/tresestados.com.br\/?p=4995","title":{"rendered":"MATO GROSSO PRO\u00cdBE MATERIAIS SOBRE \u201cIDEOLOGIA DE G\u00caNERO\u201d NAS ESCOLAS ESTADUAIS"},"content":{"rendered":"<div class=\"x14z9mp xat24cr x1lziwak x1vvkbs xtlvy1s x126k92a\">\n<div dir=\"auto\"><span style=\"font-size: 24px;\">O governador Otaviano Pivetta, filiado ao Republicanos, promulgou a Lei n\u00ba 13.284, que veta o uso, a exibi\u00e7\u00e3o e a distribui\u00e7\u00e3o de conte\u00fados educacionais que tratem do conceito de \u201cideologia de g\u00eanero\u201d na rede estadual de ensino de Mato Grosso.<\/span><\/div>\n<\/div>\n<div class=\"x14z9mp xat24cr x1lziwak x1vvkbs xtlvy1s x126k92a\">\n<div dir=\"auto\"><span style=\"font-size: 24px;\">\u00a0A medida gerou rea\u00e7\u00e3o imediata de entidades ligadas \u00e0 educa\u00e7\u00e3o. Durante a apresenta\u00e7\u00e3o do programa estadual voltado \u00e0 prote\u00e7\u00e3o das mulheres, Pivetta justificou a legisla\u00e7\u00e3o afirmando que essa pauta estaria associada \u00e0 deteriora\u00e7\u00e3o do ensino nas \u00faltimas d\u00e9cadas, classificando-a como um dos fatores centrais para problemas no sistema educacional.<\/span><\/div>\n<div dir=\"auto\"><img fetchpriority=\"high\" decoding=\"async\" class=\"\" src=\"https:\/\/scontent.fcrq1-1.fna.fbcdn.net\/v\/t39.30808-6\/678639672_884962624599621_5842003821586532362_n.jpg?stp=dst-jpg_s640x640_tt6&amp;_nc_cat=105&amp;ccb=1-7&amp;_nc_sid=7b2446&amp;_nc_ohc=dN5Fybnrb3cQ7kNvwFIljOk&amp;_nc_oc=Ado-xbkPtP8ch2-a0Ja9U15KfEIgmOo_gT4IHn3HpJYjE00lzRi6MPqJ8_lAfQTI3uIbPqxx1Eoy2WB2EXjiAPfI&amp;_nc_zt=23&amp;_nc_ht=scontent.fcrq1-1.fna&amp;_nc_gid=q9R_B5QCeVNvVenbvoOFTw&amp;_nc_ss=7b2a8&amp;oh=00_Af0fdOw2FgdluZyRQkpX9QMNtxvc4umuOzHkHeNlcx-_AA&amp;oe=69F2E253\" alt=\"Pode ser uma imagem de texto que diz &quot;imagem ilustrativa METO \u0e17\u0e21\u0e15 BRASIL Brasil A\u00e9reo n\u00e1fego \u1000 \u1006 E LmTNG oepTKouA GOVERNADOR DO MATO GROSSO SANCIONA LEI QUE PRO\u00cdBE IDEOLOGIA DE G\u00caNERO NAS ESCOLAS: 'ESSE TIPO DE IDEOLOGIA \u00c9 TUDO DE RUIM; AQUI EST\u00c1 PROIBIDO'&quot;\" width=\"609\" height=\"761\" \/><\/div>\n<div dir=\"auto\">\u00a0<\/div>\n<\/div>\n<div class=\"x14z9mp xat24cr x1lziwak x1vvkbs xtlvy1s x126k92a\">\n<div dir=\"auto\"><span style=\"font-size: 24px;\">\u00a0Em resposta, o Sindicato dos Trabalhadores no Ensino P\u00fablico de Mato Grosso anunciou que acionar\u00e1 a Procuradoria-Geral da Rep\u00fablica para questionar a constitucionalidade da norma. A entidade considera a lei um retrocesso e argumenta que ela pode ferir princ\u00edpios como a liberdade de c\u00e1tedra e a promo\u00e7\u00e3o da diversidade no ambiente escolar.<\/span><\/div>\n<\/div>\n<div class=\"x14z9mp xat24cr x1lziwak x1vvkbs xtlvy1s x126k92a\">\n<div dir=\"auto\"><span style=\"font-size: 24px;\"><span class=\"html-span xexx8yu xyri2b x18d9i69 x1c1uobl x1hl2dhg x16tdsg8 x1vvkbs x3nfvp2 x1j61x8r x1fcty0u xdj266r xat24cr xm2jcoa x1mpyi22 xxymvpz xlup9mm x1kky2od\"><img decoding=\"async\" class=\"xz74otr x15mokao x1ga7v0g x16uus16 xbiv7yw\" src=\"https:\/\/static.xx.fbcdn.net\/images\/emoji.php\/v9\/taa\/1\/16\/1f4ca.png\" alt=\"\ud83d\udcca\" width=\"16\" height=\"16\" \/><\/span> O caso deve avan\u00e7ar para an\u00e1lise jur\u00eddica em n\u00edvel federal, podendo ampliar o debate nacional sobre os limites de pol\u00edticas educacionais e direitos constitucionais no pa\u00eds.<\/span><\/div>\n<\/div>\n","protected":false},"excerpt":{"rendered":"<p>O governador Otaviano Pivetta, filiado ao Republicanos, promulgou a Lei n\u00ba 13.284, que veta o uso, a exibi\u00e7\u00e3o e a distribui\u00e7\u00e3o de conte\u00fados educacionais que tratem do conceito de \u201cideologia de g\u00eanero\u201d na rede estadual de ensino de Mato Grosso. \u00a0A medida gerou rea\u00e7\u00e3o imediata de entidades ligadas \u00e0 educa\u00e7\u00e3o. Durante a apresenta\u00e7\u00e3o do programa [&hellip;]<\/p>\n","protected":false},"author":2,"featured_media":4996,"comment_status":"open","ping_status":"closed","sticky":false,"template":"","format":"standard","meta":{"footnotes":""},"categories":[208],"tags":[],"class_list":["post-4995","post","type-post","status-publish","format-standard","has-post-thumbnail","hentry","category-editorial"],"_links":{"self":[{"href":"https:\/\/tresestados.com.br\/index.php?rest_route=\/wp\/v2\/posts\/4995","targetHints":{"allow":["GET"]}}],"collection":[{"href":"https:\/\/tresestados.com.br\/index.php?rest_route=\/wp\/v2\/posts"}],"about":[{"href":"https:\/\/tresestados.com.br\/index.php?rest_route=\/wp\/v2\/types\/post"}],"author":[{"embeddable":true,"href":"https:\/\/tresestados.com.br\/index.php?rest_route=\/wp\/v2\/users\/2"}],"replies":[{"embeddable":true,"href":"https:\/\/tresestados.com.br\/index.php?rest_route=%2Fwp%2Fv2%2Fcomments&post=4995"}],"version-history":[{"count":1,"href":"https:\/\/tresestados.com.br\/index.php?rest_route=\/wp\/v2\/posts\/4995\/revisions"}],"predecessor-version":[{"id":4998,"href":"https:\/\/tresestados.com.br\/index.php?rest_route=\/wp\/v2\/posts\/4995\/revisions\/4998"}],"wp:featuredmedia":[{"embeddable":true,"href":"https:\/\/tresestados.com.br\/index.php?rest_route=\/wp\/v2\/media\/4996"}],"wp:attachment":[{"href":"https:\/\/tresestados.com.br\/index.php?rest_route=%2Fwp%2Fv2%2Fmedia&parent=4995"}],"wp:term":[{"taxonomy":"category","embeddable":true,"href":"https:\/\/tresestados.com.br\/index.php?rest_route=%2Fwp%2Fv2%2Fcategories&post=4995"},{"taxonomy":"post_tag","embeddable":true,"href":"https:\/\/tresestados.com.br\/index.php?rest_route=%2Fwp%2Fv2%2Ftags&post=4995"}],"curies":[{"name":"wp","href":"https:\/\/api.w.org\/{rel}","templated":true}]}}