{"id":5069,"date":"2026-08-28T18:46:06","date_gmt":"2026-08-28T21:46:06","guid":{"rendered":"https:\/\/tresestados.com.br\/?p=5069"},"modified":"2026-08-28T18:59:26","modified_gmt":"2026-08-28T21:59:26","slug":"minas-gerais-ex-prefeito-de-gv-andre-melo-lanca-candidatura-a-assembleia-legislativa-com-foco-na-descentralizacao-de-recursos-para-saude-e-desenvolvimento-regional","status":"publish","type":"post","link":"https:\/\/tresestados.com.br\/?p=5069","title":{"rendered":"Minas Gerais  &#8211; Ex  prefeito de GV, Andr\u00e9 Melo. lan\u00e7a candidatura \u00e0 Assembleia Legislativa , com foco na descentraliza\u00e7\u00e3o de recursos para sa\u00fade e desenvolvimento regional"},"content":{"rendered":"<p data-path-to-node=\"1\"><span style=\"font-size: 20px;\">Ap\u00f3s dois mandatos bem-avaliados \u00e0 frente da Prefeitura de Governador Valadares \u2014 administrando o munic\u00edpio entre <b data-path-to-node=\"1\" data-index-in-node=\"114\">2017\/ 2020 e <\/b>\u00a0<b data-path-to-node=\"1\" data-index-in-node=\"163\">2021 a 2024<\/b> \u2014, Andr\u00e9 Melo consolida sua atua\u00e7\u00e3o pol\u00edtica na regi\u00e3o e coloca seu nome \u00e0 disposi\u00e7\u00e3o para a Assembleia Legislativa de Minas Gerais (ALMG). Reconhecido por sua gest\u00e3o no Executivo municipal, o pr\u00e9-candidato pretende levar a experi\u00eancia administrativa e as demandas do interior mineiro para o parlamento estadual.<\/span><\/p>\n<h3 data-path-to-node=\"2\"><span style=\"font-size: 20px;\">Descentraliza\u00e7\u00e3o e autonomia para os vales<\/span><\/h3>\n<p data-path-to-node=\"3\"><span style=\"font-size: 20px;\">Uma das principais l bandeiras\u00a0 da candidatura\u00a0 \u00e9 a redu\u00e7\u00e3o da depend\u00eancia hist\u00f3rica que os munic\u00edpios do interior mant\u00eam em rela\u00e7\u00e3o \u00e0 Regi\u00e3o Metropolitana de Belo Horizonte. A proposta central \u00e9 fortalecer as economias locais e a infraestrutura de servi\u00e7os nos vales do A\u00e7o, do Mucuri e do Rio Doce, garantindo que as cidades da regi\u00e3o tenham maior autonomia financeira e administrativa para atender suas popula\u00e7\u00f5es sem precisar centralizar decis\u00f5es e atendimentos na capital do estado.<\/span><\/p>\n<p data-path-to-node=\"3\"><span style=\"font-size: 28px;\"><strong>Como deputado, Andr\u00e9 quer mais recursos para a sa\u00fade dos Vales Mucuri, Jequitinhonha e Vale do A\u00e7o<\/strong><\/span><\/p>\n<p data-path-to-node=\"3\"><span style=\"font-size: 20px;\">Incluir o <b data-path-to-node=\"1\" data-index-in-node=\"10\">Vale do Jequitinhonha<\/b> ao lado do <b data-path-to-node=\"1\" data-index-in-node=\"43\">Vale do Mucuri<\/b> e do <b data-path-to-node=\"1\" data-index-in-node=\"63\">Vale do A\u00e7o<\/b> fortalece ainda mais o discurso de integra\u00e7\u00e3o e desenvolvimento para o interior mineiro, cobrindo as principais regi\u00f5es que historicamente dependem dos servi\u00e7os de sa\u00fade de maior complexidade de polos como Governador Valadares e Te\u00f3filo Otoni.<\/span><\/p>\n<p data-path-to-node=\"3\"><img fetchpriority=\"high\" decoding=\"async\" class=\"\" src=\"https:\/\/encrypted-tbn0.gstatic.com\/images?q=tbn:ANd9GcQUHP9sQZ9KlrDf_EHGM6uZWGoOzVEWzpA9F4hiS1CiewArS6BkFirtSrwO&amp;s=10\" alt=\"O 13\u00ba j\u00e1 est\u00e1 na conta! \u2705\ud83c\udf89, Cumprindo mais uma vez o nosso compromisso com os servidores municipais, garantimos o pagamento da segunda parcela do 13\u00ba sal\u00e1rio dentro do prazo. Essa medida n\u00e3o s\u00f3 ...\" width=\"353\" height=\"629\" \/><\/p>\n<h3 data-path-to-node=\"4\"><strong><span style=\"font-size: 24px;\">Sa\u00fade p\u00fablica como prioridade parlamentar<\/span><\/strong><\/h3>\n<p data-path-to-node=\"5\"><span style=\"font-size: 20px;\">Vivenciando de perto os desafios financeiros e estruturais enfrentados pelas prefeituras mineiras \u2014 especialmente durante seus anos como prefeito \u2014, Andr\u00e9 Melo aponta a sa\u00fade p\u00fablica como o eixo priorit\u00e1rio de sua atua\u00e7\u00e3o legislativa.<\/span><\/p>\n<p data-path-to-node=\"6\"><span style=\"font-size: 20px;\">A estrat\u00e9gia para o setor baseia-se em dois pilares fundamentais:<\/span><\/p>\n<ul data-path-to-node=\"7\">\n<li>\n<p data-path-to-node=\"7,0,0\"><span style=\"font-size: 20px;\"><b data-path-to-node=\"7,0,0\" data-index-in-node=\"0\">Amplia\u00e7\u00e3o de repasses para cirurgias:<\/b> Aumento expressivo de recursos estaduais voltados para a realiza\u00e7\u00e3o de procedimentos cir\u00fargicos de m\u00e9dia e alta complexidade, reduzindo as filas de espera que penalizam os pacientes da regi\u00e3o.<\/span><\/p>\n<\/li>\n<li>\n<p data-path-to-node=\"7,1,0\"><span style=\"font-size: 20px;\"><b data-path-to-node=\"7,1,0\" data-index-in-node=\"0\">Moderniza\u00e7\u00e3o hospitalar e tecnol\u00f3gica:<\/b> Fortalecimento dos polos regionais de sa\u00fade, com destaque para a estrutura hospitalar existente em munic\u00edpios estrat\u00e9gicos como Governador Valadares e Te\u00f3filo Otoni. O objetivo \u00e9 articular, junto a outros parlamentares e ao governo estadual, a inje\u00e7\u00e3o de verbas e a incorpora\u00e7\u00e3o de novas tecnologias para transformar esses munic\u00edpios em refer\u00eancias autossuficientes, evitando o deslocamento desgastante de pacientes para Belo Horizonte.<\/span><\/p>\n<\/li>\n<\/ul>\n<p data-path-to-node=\"8\"><span style=\"font-size: 20px;\">Com a consolida\u00e7\u00e3o de seu nome na disputa, a campanha busca unificar prefeitos, lideran\u00e7as locais e a sociedade civil em torno de uma pauta regionalista, focada em trazer investimentos consistentes para o desenvolvimento do leste e do nordeste mineiro.<\/span><\/p>\n<p data-path-to-node=\"8\"><span style=\"font-size: 20px;\">Nas pr\u00f3ximas edi\u00e7\u00f5es, faremos um levantamento de todos os bons nomes de nossa regi\u00e3o,\u00a0 \u00a0com grandes chances de ocuparem\u00a0 uma cadeira na\u00a0 ALMG .<\/span><\/p>\n<p data-path-to-node=\"8\"><img decoding=\"async\" class=\"\" src=\"https:\/\/encrypted-tbn0.gstatic.com\/images?q=tbn:ANd9GcRr4WnLaGLqnFEpsyay48uAAKyGt3gkIOz7uziA6o6OLlGs4BZrAcT0ipU&amp;s=10\" alt=\"Andr\u00e9 Merlo (@andremerlooficial) \u2022 Instagram photos and videos\" width=\"406\" height=\"724\" \/><\/p>\n<p data-path-to-node=\"8\">\u00a0 \u00a0 \u00a0 \u00a0 foto internet (candidato\u00a0 a Deputado Estadual por Minas Gerais, Andr\u00e9 Melo)<\/p>\n<p data-path-to-node=\"8\"><strong><em>Mat\u00e9ria informativa gratuita.<\/em><\/strong><\/p>\n<p data-path-to-node=\"8\"><strong>Por Jornalista Professor Carlos Lucas &#8211;\u00a0<\/strong><strong>professorcarloslucasnascimento@gmail.com<\/strong><\/p>\n<p data-path-to-node=\"8\"><b data-path-to-node=\"2,0\" data-index-in-node=\"0\">Carlos Lucas<\/b> \u00e9 Assessor Pol\u00edtico, Jornalista, Pastor, Professor da Rede Estadual de Minas Gerais e Bacharel em Direito. Natural do Esp\u00edrito Santo, o capixabense possui m\u00faltiplas licenciaturas (como Hist\u00f3ria, Geografia, Letras, Matem\u00e1tica e Sociologia) e diversas p\u00f3s-gradua\u00e7\u00f5es e especializa\u00e7\u00f5es (incluindo Direito Imobili\u00e1rio, Gest\u00e3o Educacional e Urbana). Presidente da ONG Defesa do Cidad\u00e3o\/Consumidor, escritor, compositor e gestor do portal <i data-path-to-node=\"2,0\" data-index-in-node=\"446\">Tr\u00eas Estados<\/i> e do <i data-path-to-node=\"2,0\" data-index-in-node=\"464\">Di\u00e1rio Extremo Sul<\/i>, O capixabense,\u00a0 une sua ampla forma\u00e7\u00e3o t\u00e9cnica e human\u00edstica \u00e0 comunica\u00e7\u00e3o \u00e9tica e \u00e0 transforma\u00e7\u00e3o social.<\/p>\n<p data-path-to-node=\"8\">\u00a0<\/p>\n","protected":false},"excerpt":{"rendered":"<p>Ap\u00f3s dois mandatos bem-avaliados \u00e0 frente da Prefeitura de Governador Valadares \u2014 administrando o munic\u00edpio entre 2017\/ 2020 e \u00a02021 a 2024 \u2014, Andr\u00e9 Melo consolida sua atua\u00e7\u00e3o pol\u00edtica na regi\u00e3o e coloca seu nome \u00e0 disposi\u00e7\u00e3o para a Assembleia Legislativa de Minas Gerais (ALMG). Reconhecido por sua gest\u00e3o no Executivo municipal, o pr\u00e9-candidato pretende [&hellip;]<\/p>\n","protected":false},"author":2,"featured_media":5071,"comment_status":"open","ping_status":"closed","sticky":false,"template":"","format":"standard","meta":{"footnotes":""},"categories":[197],"tags":[],"class_list":["post-5069","post","type-post","status-publish","format-standard","has-post-thumbnail","hentry","category-eleicoes-2026"],"_links":{"self":[{"href":"https:\/\/tresestados.com.br\/index.php?rest_route=\/wp\/v2\/posts\/5069","targetHints":{"allow":["GET"]}}],"collection":[{"href":"https:\/\/tresestados.com.br\/index.php?rest_route=\/wp\/v2\/posts"}],"about":[{"href":"https:\/\/tresestados.com.br\/index.php?rest_route=\/wp\/v2\/types\/post"}],"author":[{"embeddable":true,"href":"https:\/\/tresestados.com.br\/index.php?rest_route=\/wp\/v2\/users\/2"}],"replies":[{"embeddable":true,"href":"https:\/\/tresestados.com.br\/index.php?rest_route=%2Fwp%2Fv2%2Fcomments&post=5069"}],"version-history":[{"count":5,"href":"https:\/\/tresestados.com.br\/index.php?rest_route=\/wp\/v2\/posts\/5069\/revisions"}],"predecessor-version":[{"id":5076,"href":"https:\/\/tresestados.com.br\/index.php?rest_route=\/wp\/v2\/posts\/5069\/revisions\/5076"}],"wp:featuredmedia":[{"embeddable":true,"href":"https:\/\/tresestados.com.br\/index.php?rest_route=\/wp\/v2\/media\/5071"}],"wp:attachment":[{"href":"https:\/\/tresestados.com.br\/index.php?rest_route=%2Fwp%2Fv2%2Fmedia&parent=5069"}],"wp:term":[{"taxonomy":"category","embeddable":true,"href":"https:\/\/tresestados.com.br\/index.php?rest_route=%2Fwp%2Fv2%2Fcategories&post=5069"},{"taxonomy":"post_tag","embeddable":true,"href":"https:\/\/tresestados.com.br\/index.php?rest_route=%2Fwp%2Fv2%2Ftags&post=5069"}],"curies":[{"name":"wp","href":"https:\/\/api.w.org\/{rel}","templated":true}]}}